{"id":3255,"date":"2018-07-18T11:46:28","date_gmt":"2018-07-18T09:46:28","guid":{"rendered":"https:\/\/dyrecta.com\/lab\/?p=3255"},"modified":"2018-07-18T12:29:28","modified_gmt":"2018-07-18T10:29:28","slug":"mise-340-milioni-a-favore-delle-imprese-del-sud-per-lacquisto-di-macchinari-innovativi","status":"publish","type":"post","link":"https:\/\/www.dyrecta.com\/lab\/mise-340-milioni-a-favore-delle-imprese-del-sud-per-lacquisto-di-macchinari-innovativi\/","title":{"rendered":"MISE: 340 milioni a favore delle imprese del Sud per l&#8217;acquisto di macchinari innovativi"},"content":{"rendered":"<p><span data-offset-key=\"bb6o7-0-0\"><span data-text=\"true\">Il Ministero dello Sviluppo Economico, del Lavoro e delle Politiche Sociali ha stanziato 340 mln di euro per aiutare le micro, piccole e medio imprese delle regioni meno sviluppate del Sud Italia (Basilicata, Calabria, Campania, Puglia e Sicilia), nell\u2019acquisto di macchinari innovativi, che possano favorire la transizione del settore manifatturiero verso la cosiddetta <strong>Fabbrica Intelligente<\/strong>.<\/span><\/span><\/p>\n<p>\u201c<em>Con questo programma<\/em> &#8211; afferma il Ministro dello Sviluppo Economico, del Lavoro e delle Politiche Sociali Luigi Di Maio &#8211;\u00a0 <em>s\u2019intende favorire la crescita economica e al contempo rafforzare le piccole e medie imprese che sono pi\u00f9 in ritardo nel fronteggiare la sfida del mercato globale, che per molte realt\u00e0, specialmente del Sud, rappresenta una montagna che non pu\u00f2 essere scalata in solitudine<\/em>\u201d.<\/p>\n<p>Le agevolazioni saranno distribuite in relazione alla dimensione dell&#8217;impresa e saranno composte da <strong>contributi<\/strong> in conto impianti e <strong>finanziamenti<\/strong> agevolati. I termini di apertura del bando e le modalit\u00e0 di presentazione delle domande saranno definiti con successivo provvedimento.<\/p>\n<p>FONTE: InnovationPost<\/p>\n<p>&nbsp;<\/p>\n","protected":false},"excerpt":{"rendered":"<p>Il Ministero dello Sviluppo Economico, del Lavoro e delle Politiche Sociali ha stanziato 340 mln di euro per aiutare le&#8230;<\/p>\n","protected":false},"author":1,"featured_media":3256,"comment_status":"closed","ping_status":"open","sticky":false,"template":"","format":"standard","meta":[],"categories":[82,65],"tags":[],"_links":{"self":[{"href":"https:\/\/www.dyrecta.com\/lab\/wp-json\/wp\/v2\/posts\/3255"}],"collection":[{"href":"https:\/\/www.dyrecta.com\/lab\/wp-json\/wp\/v2\/posts"}],"about":[{"href":"https:\/\/www.dyrecta.com\/lab\/wp-json\/wp\/v2\/types\/post"}],"author":[{"embeddable":true,"href":"https:\/\/www.dyrecta.com\/lab\/wp-json\/wp\/v2\/users\/1"}],"replies":[{"embeddable":true,"href":"https:\/\/www.dyrecta.com\/lab\/wp-json\/wp\/v2\/comments?post=3255"}],"version-history":[{"count":4,"href":"https:\/\/www.dyrecta.com\/lab\/wp-json\/wp\/v2\/posts\/3255\/revisions"}],"predecessor-version":[{"id":3260,"href":"https:\/\/www.dyrecta.com\/lab\/wp-json\/wp\/v2\/posts\/3255\/revisions\/3260"}],"wp:featuredmedia":[{"embeddable":true,"href":"https:\/\/www.dyrecta.com\/lab\/wp-json\/wp\/v2\/media\/3256"}],"wp:attachment":[{"href":"https:\/\/www.dyrecta.com\/lab\/wp-json\/wp\/v2\/media?parent=3255"}],"wp:term":[{"taxonomy":"category","embeddable":true,"href":"https:\/\/www.dyrecta.com\/lab\/wp-json\/wp\/v2\/categories?post=3255"},{"taxonomy":"post_tag","embeddable":true,"href":"https:\/\/www.dyrecta.com\/lab\/wp-json\/wp\/v2\/tags?post=3255"}],"curies":[{"name":"wp","href":"https:\/\/api.w.org\/{rel}","templated":true}]}}